{"id":7776,"date":"2026-04-26T03:16:58","date_gmt":"2026-04-26T03:16:58","guid":{"rendered":"https:\/\/modelbrazil.com.br\/?p=7776"},"modified":"2026-04-26T03:16:58","modified_gmt":"2026-04-26T03:16:58","slug":"frei-gilson-reage-a-ataques-e-surpreende-ao-revelar-como-trata-seus-criticos","status":"publish","type":"post","link":"https:\/\/modelbrazil.com.br\/index.php\/2026\/04\/26\/frei-gilson-reage-a-ataques-e-surpreende-ao-revelar-como-trata-seus-criticos\/","title":{"rendered":"Frei Gilson reage a ataques e surpreende ao revelar como trata seus cr\u00edticos"},"content":{"rendered":"\n<p>O frei Gilson voltou ao centro das aten\u00e7\u00f5es nas redes sociais ap\u00f3s um v\u00eddeo em que comenta os ataques que vem sofrendo ganhar grande repercuss\u00e3o. Questionado sobre como lida com os chamados \u201chaters\u201d, o religioso adotou um tom firme, mas sereno ao responder.<\/p>\n\n\n\n<p>Segundo ele, sua miss\u00e3o n\u00e3o muda diante das cr\u00edticas. \u201cMeu trabalho \u00e9 falar de Jesus, \u00e9 anunciar o Evangelho\u201d, afirmou. Ao longo da fala, Frei Gilson destacou que a rejei\u00e7\u00e3o faz parte da vida de quem segue a f\u00e9 crist\u00e3, citando ensinamentos de Jesus para justificar sua postura.<\/p>\n\n\n\n<p>O religioso ressaltou que n\u00e3o espera ser unanimidade. Para ele, buscar apenas aplausos seria incompat\u00edvel com o caminho que escolheu. \u201cSe perseguiram Jesus, tamb\u00e9m v\u00e3o perseguir aqueles que o seguem\u201d, declarou, refor\u00e7ando que cr\u00edticas fazem parte desse processo.<\/p>\n\n\n\n<p>Em vez de reagir diretamente aos ataques, Frei Gilson revelou qual \u00e9 sua estrat\u00e9gia: ora\u00e7\u00e3o. Ele afirmou que procura rezar por aqueles que o criticam e at\u00e9 fazer o bem, seguindo orienta\u00e7\u00f5es presentes na B\u00edblia.<\/p>\n\n\n\n<p>A declara\u00e7\u00e3o rapidamente se espalhou pelas redes sociais e dividiu opini\u00f5es. Enquanto seguidores elogiam a postura e destacam a coer\u00eancia com os ensinamentos crist\u00e3os, outros internautas questionam o posicionamento e levantam debates sobre a atua\u00e7\u00e3o de l\u00edderes religiosos no ambiente digital.<\/p>\n\n\n\n<p>O caso evidencia, mais uma vez, como figuras p\u00fablicas \u2014 especialmente no campo da religi\u00e3o \u2014 enfrentam desafios constantes diante da exposi\u00e7\u00e3o e da polariza\u00e7\u00e3o nas redes sociais.<\/p>\n\n\n<!-- wp:embed \"url\":\"https:\/\/www.instagram.com\/reel\/DXlBVTwDYj1\/?igsh=ZmF3cXV1OGF0eTk2\",\"type\":\"rich\",\"providerNameSlug\":\"instagram\",\"responsive\":true -->\n<figure class=\"wp-block-embed is-type-rich is-provider-instagram wp-block-embed-instagram\"><div class=\"wp-block-embed__wrapper\">\nhttps:\/\/www.instagram.com\/reel\/DXlBVTwDYj1\/?igsh=ZmF3cXV1OGF0eTk2\n<\/div><\/figure>\n<!-- \/wp:post-content -->","protected":false},"excerpt":{"rendered":"<p>O frei Gilson voltou ao centro das aten\u00e7\u00f5es nas redes sociais ap\u00f3s um v\u00eddeo em que comenta os ataques que vem sofrendo ganhar grande repercuss\u00e3o. Questionado sobre como lida com os chamados \u201chaters\u201d, o religioso adotou um tom firme, mas sereno ao responder. Segundo ele, sua miss\u00e3o n\u00e3o muda diante das cr\u00edticas. \u201cMeu trabalho \u00e9 \u2026<\/p>\n","protected":false},"author":2,"featured_media":7775,"comment_status":"closed","ping_status":"open","sticky":false,"template":"","format":"standard","meta":{"footnotes":""},"categories":[6],"tags":[],"class_list":["post-7776","post","type-post","status-publish","format-standard","has-post-thumbnail","hentry","category-famosos"],"yoast_head":"<!-- This site is optimized with the Yoast SEO plugin v25.3.1 - https:\/\/yoast.com\/wordpress\/plugins\/seo\/ -->\n<title>Frei Gilson reage a ataques e surpreende ao revelar como trata seus cr\u00edticos - Model Brazil<\/title>\n<meta name=\"robots\" content=\"index, follow, max-snippet:-1, max-image-preview:large, max-video-preview:-1\" \/>\n<link rel=\"canonical\" href=\"https:\/\/modelbrazil.com.br\/index.php\/2026\/04\/26\/frei-gilson-reage-a-ataques-e-surpreende-ao-revelar-como-trata-seus-criticos\/\" \/>\n<meta property=\"og:locale\" content=\"pt_BR\" \/>\n<meta property=\"og:type\" content=\"article\" \/>\n<meta property=\"og:title\" content=\"Frei Gilson reage a ataques e surpreende ao revelar como trata seus cr\u00edticos - Model Brazil\" \/>\n<meta property=\"og:description\" content=\"O frei Gilson voltou ao centro das aten\u00e7\u00f5es nas redes sociais ap\u00f3s um v\u00eddeo em que comenta os ataques que vem sofrendo ganhar grande repercuss\u00e3o. Questionado sobre como lida com os chamados \u201chaters\u201d, o religioso adotou um tom firme, mas sereno ao responder. Segundo ele, sua miss\u00e3o n\u00e3o muda diante das cr\u00edticas. \u201cMeu trabalho \u00e9 \u2026\" \/>\n<meta property=\"og:url\" content=\"https:\/\/modelbrazil.com.br\/index.php\/2026\/04\/26\/frei-gilson-reage-a-ataques-e-surpreende-ao-revelar-como-trata-seus-criticos\/\" \/>\n<meta property=\"og:site_name\" content=\"Model Brazil\" \/>\n<meta property=\"article:published_time\" content=\"2026-04-26T03:16:58+00:00\" \/>\n<meta property=\"og:image\" content=\"https:\/\/modelbrazil.com.br\/wp-content\/uploads\/2026\/04\/IMG_4108.jpeg\" \/>\n\t<meta property=\"og:image:width\" content=\"960\" \/>\n\t<meta property=\"og:image:height\" content=\"496\" \/>\n\t<meta property=\"og:image:type\" content=\"image\/jpeg\" \/>\n<meta name=\"author\" content=\"assessoriadefamosos\" \/>\n<meta name=\"twitter:card\" content=\"summary_large_image\" \/>\n<meta name=\"twitter:label1\" content=\"Escrito por\" \/>\n\t<meta name=\"twitter:data1\" content=\"assessoriadefamosos\" \/>\n\t<meta name=\"twitter:label2\" content=\"Est. tempo de leitura\" \/>\n\t<meta name=\"twitter:data2\" content=\"1 minuto\" \/>\n<script type=\"application\/ld+json\" class=\"yoast-schema-graph\">{\"@context\":\"https:\/\/schema.org\",\"@graph\":[{\"@type\":\"Article\",\"@id\":\"https:\/\/modelbrazil.com.br\/index.php\/2026\/04\/26\/frei-gilson-reage-a-ataques-e-surpreende-ao-revelar-como-trata-seus-criticos\/#article\",\"isPartOf\":{\"@id\":\"https:\/\/modelbrazil.com.br\/index.php\/2026\/04\/26\/frei-gilson-reage-a-ataques-e-surpreende-ao-revelar-como-trata-seus-criticos\/\"},\"author\":{\"name\":\"assessoriadefamosos\",\"@id\":\"https:\/\/modelbrazil.com.br\/#\/schema\/person\/871fd7d9e18a3653430103bf4378d5f6\"},\"headline\":\"Frei Gilson reage a ataques e surpreende ao revelar como trata seus cr\u00edticos\",\"datePublished\":\"2026-04-26T03:16:58+00:00\",\"mainEntityOfPage\":{\"@id\":\"https:\/\/modelbrazil.com.br\/index.php\/2026\/04\/26\/frei-gilson-reage-a-ataques-e-surpreende-ao-revelar-como-trata-seus-criticos\/\"},\"wordCount\":281,\"publisher\":{\"@id\":\"https:\/\/modelbrazil.com.br\/#organization\"},\"image\":{\"@id\":\"https:\/\/modelbrazil.com.br\/index.php\/2026\/04\/26\/frei-gilson-reage-a-ataques-e-surpreende-ao-revelar-como-trata-seus-criticos\/#primaryimage\"},\"thumbnailUrl\":\"https:\/\/modelbrazil.com.br\/wp-content\/uploads\/2026\/04\/IMG_4108.jpeg\",\"articleSection\":[\"Famosos\"],\"inLanguage\":\"pt-BR\"},{\"@type\":\"WebPage\",\"@id\":\"https:\/\/modelbrazil.com.br\/index.php\/2026\/04\/26\/frei-gilson-reage-a-ataques-e-surpreende-ao-revelar-como-trata-seus-criticos\/\",\"url\":\"https:\/\/modelbrazil.com.br\/index.php\/2026\/04\/26\/frei-gilson-reage-a-ataques-e-surpreende-ao-revelar-como-trata-seus-criticos\/\",\"name\":\"Frei Gilson reage a ataques e surpreende ao revelar como trata seus cr\u00edticos - Model Brazil\",\"isPartOf\":{\"@id\":\"https:\/\/modelbrazil.com.br\/#website\"},\"primaryImageOfPage\":{\"@id\":\"https:\/\/modelbrazil.com.br\/index.php\/2026\/04\/26\/frei-gilson-reage-a-ataques-e-surpreende-ao-revelar-como-trata-seus-criticos\/#primaryimage\"},\"image\":{\"@id\":\"https:\/\/modelbrazil.com.br\/index.php\/2026\/04\/26\/frei-gilson-reage-a-ataques-e-surpreende-ao-revelar-como-trata-seus-criticos\/#primaryimage\"},\"thumbnailUrl\":\"https:\/\/modelbrazil.com.br\/wp-content\/uploads\/2026\/04\/IMG_4108.jpeg\",\"datePublished\":\"2026-04-26T03:16:58+00:00\",\"breadcrumb\":{\"@id\":\"https:\/\/modelbrazil.com.br\/index.php\/2026\/04\/26\/frei-gilson-reage-a-ataques-e-surpreende-ao-revelar-como-trata-seus-criticos\/#breadcrumb\"},\"inLanguage\":\"pt-BR\",\"potentialAction\":[{\"@type\":\"ReadAction\",\"target\":[\"https:\/\/modelbrazil.com.br\/index.php\/2026\/04\/26\/frei-gilson-reage-a-ataques-e-surpreende-ao-revelar-como-trata-seus-criticos\/\"]}]},{\"@type\":\"ImageObject\",\"inLanguage\":\"pt-BR\",\"@id\":\"https:\/\/modelbrazil.com.br\/index.php\/2026\/04\/26\/frei-gilson-reage-a-ataques-e-surpreende-ao-revelar-como-trata-seus-criticos\/#primaryimage\",\"url\":\"https:\/\/modelbrazil.com.br\/wp-content\/uploads\/2026\/04\/IMG_4108.jpeg\",\"contentUrl\":\"https:\/\/modelbrazil.com.br\/wp-content\/uploads\/2026\/04\/IMG_4108.jpeg\",\"width\":960,\"height\":496},{\"@type\":\"BreadcrumbList\",\"@id\":\"https:\/\/modelbrazil.com.br\/index.php\/2026\/04\/26\/frei-gilson-reage-a-ataques-e-surpreende-ao-revelar-como-trata-seus-criticos\/#breadcrumb\",\"itemListElement\":[{\"@type\":\"ListItem\",\"position\":1,\"name\":\"In\u00edcio\",\"item\":\"https:\/\/modelbrazil.com.br\/\"},{\"@type\":\"ListItem\",\"position\":2,\"name\":\"Frei Gilson reage a ataques e surpreende ao revelar como trata seus cr\u00edticos\"}]},{\"@type\":\"WebSite\",\"@id\":\"https:\/\/modelbrazil.com.br\/#website\",\"url\":\"https:\/\/modelbrazil.com.br\/\",\"name\":\"Model Brazil\",\"description\":\"\",\"publisher\":{\"@id\":\"https:\/\/modelbrazil.com.br\/#organization\"},\"potentialAction\":[{\"@type\":\"SearchAction\",\"target\":{\"@type\":\"EntryPoint\",\"urlTemplate\":\"https:\/\/modelbrazil.com.br\/?s={search_term_string}\"},\"query-input\":{\"@type\":\"PropertyValueSpecification\",\"valueRequired\":true,\"valueName\":\"search_term_string\"}}],\"inLanguage\":\"pt-BR\"},{\"@type\":\"Organization\",\"@id\":\"https:\/\/modelbrazil.com.br\/#organization\",\"name\":\"Model Brazil\",\"url\":\"https:\/\/modelbrazil.com.br\/\",\"logo\":{\"@type\":\"ImageObject\",\"inLanguage\":\"pt-BR\",\"@id\":\"https:\/\/modelbrazil.com.br\/#\/schema\/logo\/image\/\",\"url\":\"https:\/\/modelbrazil.com.br\/wp-content\/uploads\/2025\/06\/cropped-aae972fb-e005-4003-b039-2676e1ba2afc.jpg\",\"contentUrl\":\"https:\/\/modelbrazil.com.br\/wp-content\/uploads\/2025\/06\/cropped-aae972fb-e005-4003-b039-2676e1ba2afc.jpg\",\"width\":1024,\"height\":655,\"caption\":\"Model Brazil\"},\"image\":{\"@id\":\"https:\/\/modelbrazil.com.br\/#\/schema\/logo\/image\/\"}},{\"@type\":\"Person\",\"@id\":\"https:\/\/modelbrazil.com.br\/#\/schema\/person\/871fd7d9e18a3653430103bf4378d5f6\",\"name\":\"assessoriadefamosos\",\"image\":{\"@type\":\"ImageObject\",\"inLanguage\":\"pt-BR\",\"@id\":\"https:\/\/modelbrazil.com.br\/#\/schema\/person\/image\/\",\"url\":\"https:\/\/secure.gravatar.com\/avatar\/a7acbdffcfbbae7240e59f47fe511ec5f5d8c252c779f0b8d9ab02a9e1d8c5ed?s=96&d=mm&r=g\",\"contentUrl\":\"https:\/\/secure.gravatar.com\/avatar\/a7acbdffcfbbae7240e59f47fe511ec5f5d8c252c779f0b8d9ab02a9e1d8c5ed?s=96&d=mm&r=g\",\"caption\":\"assessoriadefamosos\"},\"url\":\"https:\/\/modelbrazil.com.br\/index.php\/author\/assessoriadefamosos\/\"}]}<\/script>\n<!-- \/ Yoast SEO plugin. -->","yoast_head_json":{"title":"Frei Gilson reage a ataques e surpreende ao revelar como trata seus cr\u00edticos - Model Brazil","robots":{"index":"index","follow":"follow","max-snippet":"max-snippet:-1","max-image-preview":"max-image-preview:large","max-video-preview":"max-video-preview:-1"},"canonical":"https:\/\/modelbrazil.com.br\/index.php\/2026\/04\/26\/frei-gilson-reage-a-ataques-e-surpreende-ao-revelar-como-trata-seus-criticos\/","og_locale":"pt_BR","og_type":"article","og_title":"Frei Gilson reage a ataques e surpreende ao revelar como trata seus cr\u00edticos - Model Brazil","og_description":"O frei Gilson voltou ao centro das aten\u00e7\u00f5es nas redes sociais ap\u00f3s um v\u00eddeo em que comenta os ataques que vem sofrendo ganhar grande repercuss\u00e3o. Questionado sobre como lida com os chamados \u201chaters\u201d, o religioso adotou um tom firme, mas sereno ao responder. Segundo ele, sua miss\u00e3o n\u00e3o muda diante das cr\u00edticas. \u201cMeu trabalho \u00e9 \u2026","og_url":"https:\/\/modelbrazil.com.br\/index.php\/2026\/04\/26\/frei-gilson-reage-a-ataques-e-surpreende-ao-revelar-como-trata-seus-criticos\/","og_site_name":"Model Brazil","article_published_time":"2026-04-26T03:16:58+00:00","og_image":[{"width":960,"height":496,"url":"https:\/\/modelbrazil.com.br\/wp-content\/uploads\/2026\/04\/IMG_4108.jpeg","type":"image\/jpeg"}],"author":"assessoriadefamosos","twitter_card":"summary_large_image","twitter_misc":{"Escrito por":"assessoriadefamosos","Est. tempo de leitura":"1 minuto"},"schema":{"@context":"https:\/\/schema.org","@graph":[{"@type":"Article","@id":"https:\/\/modelbrazil.com.br\/index.php\/2026\/04\/26\/frei-gilson-reage-a-ataques-e-surpreende-ao-revelar-como-trata-seus-criticos\/#article","isPartOf":{"@id":"https:\/\/modelbrazil.com.br\/index.php\/2026\/04\/26\/frei-gilson-reage-a-ataques-e-surpreende-ao-revelar-como-trata-seus-criticos\/"},"author":{"name":"assessoriadefamosos","@id":"https:\/\/modelbrazil.com.br\/#\/schema\/person\/871fd7d9e18a3653430103bf4378d5f6"},"headline":"Frei Gilson reage a ataques e surpreende ao revelar como trata seus cr\u00edticos","datePublished":"2026-04-26T03:16:58+00:00","mainEntityOfPage":{"@id":"https:\/\/modelbrazil.com.br\/index.php\/2026\/04\/26\/frei-gilson-reage-a-ataques-e-surpreende-ao-revelar-como-trata-seus-criticos\/"},"wordCount":281,"publisher":{"@id":"https:\/\/modelbrazil.com.br\/#organization"},"image":{"@id":"https:\/\/modelbrazil.com.br\/index.php\/2026\/04\/26\/frei-gilson-reage-a-ataques-e-surpreende-ao-revelar-como-trata-seus-criticos\/#primaryimage"},"thumbnailUrl":"https:\/\/modelbrazil.com.br\/wp-content\/uploads\/2026\/04\/IMG_4108.jpeg","articleSection":["Famosos"],"inLanguage":"pt-BR"},{"@type":"WebPage","@id":"https:\/\/modelbrazil.com.br\/index.php\/2026\/04\/26\/frei-gilson-reage-a-ataques-e-surpreende-ao-revelar-como-trata-seus-criticos\/","url":"https:\/\/modelbrazil.com.br\/index.php\/2026\/04\/26\/frei-gilson-reage-a-ataques-e-surpreende-ao-revelar-como-trata-seus-criticos\/","name":"Frei Gilson reage a ataques e surpreende ao revelar como trata seus cr\u00edticos - Model Brazil","isPartOf":{"@id":"https:\/\/modelbrazil.com.br\/#website"},"primaryImageOfPage":{"@id":"https:\/\/modelbrazil.com.br\/index.php\/2026\/04\/26\/frei-gilson-reage-a-ataques-e-surpreende-ao-revelar-como-trata-seus-criticos\/#primaryimage"},"image":{"@id":"https:\/\/modelbrazil.com.br\/index.php\/2026\/04\/26\/frei-gilson-reage-a-ataques-e-surpreende-ao-revelar-como-trata-seus-criticos\/#primaryimage"},"thumbnailUrl":"https:\/\/modelbrazil.com.br\/wp-content\/uploads\/2026\/04\/IMG_4108.jpeg","datePublished":"2026-04-26T03:16:58+00:00","breadcrumb":{"@id":"https:\/\/modelbrazil.com.br\/index.php\/2026\/04\/26\/frei-gilson-reage-a-ataques-e-surpreende-ao-revelar-como-trata-seus-criticos\/#breadcrumb"},"inLanguage":"pt-BR","potentialAction":[{"@type":"ReadAction","target":["https:\/\/modelbrazil.com.br\/index.php\/2026\/04\/26\/frei-gilson-reage-a-ataques-e-surpreende-ao-revelar-como-trata-seus-criticos\/"]}]},{"@type":"ImageObject","inLanguage":"pt-BR","@id":"https:\/\/modelbrazil.com.br\/index.php\/2026\/04\/26\/frei-gilson-reage-a-ataques-e-surpreende-ao-revelar-como-trata-seus-criticos\/#primaryimage","url":"https:\/\/modelbrazil.com.br\/wp-content\/uploads\/2026\/04\/IMG_4108.jpeg","contentUrl":"https:\/\/modelbrazil.com.br\/wp-content\/uploads\/2026\/04\/IMG_4108.jpeg","width":960,"height":496},{"@type":"BreadcrumbList","@id":"https:\/\/modelbrazil.com.br\/index.php\/2026\/04\/26\/frei-gilson-reage-a-ataques-e-surpreende-ao-revelar-como-trata-seus-criticos\/#breadcrumb","itemListElement":[{"@type":"ListItem","position":1,"name":"In\u00edcio","item":"https:\/\/modelbrazil.com.br\/"},{"@type":"ListItem","position":2,"name":"Frei Gilson reage a ataques e surpreende ao revelar como trata seus cr\u00edticos"}]},{"@type":"WebSite","@id":"https:\/\/modelbrazil.com.br\/#website","url":"https:\/\/modelbrazil.com.br\/","name":"Model Brazil","description":"","publisher":{"@id":"https:\/\/modelbrazil.com.br\/#organization"},"potentialAction":[{"@type":"SearchAction","target":{"@type":"EntryPoint","urlTemplate":"https:\/\/modelbrazil.com.br\/?s={search_term_string}"},"query-input":{"@type":"PropertyValueSpecification","valueRequired":true,"valueName":"search_term_string"}}],"inLanguage":"pt-BR"},{"@type":"Organization","@id":"https:\/\/modelbrazil.com.br\/#organization","name":"Model Brazil","url":"https:\/\/modelbrazil.com.br\/","logo":{"@type":"ImageObject","inLanguage":"pt-BR","@id":"https:\/\/modelbrazil.com.br\/#\/schema\/logo\/image\/","url":"https:\/\/modelbrazil.com.br\/wp-content\/uploads\/2025\/06\/cropped-aae972fb-e005-4003-b039-2676e1ba2afc.jpg","contentUrl":"https:\/\/modelbrazil.com.br\/wp-content\/uploads\/2025\/06\/cropped-aae972fb-e005-4003-b039-2676e1ba2afc.jpg","width":1024,"height":655,"caption":"Model Brazil"},"image":{"@id":"https:\/\/modelbrazil.com.br\/#\/schema\/logo\/image\/"}},{"@type":"Person","@id":"https:\/\/modelbrazil.com.br\/#\/schema\/person\/871fd7d9e18a3653430103bf4378d5f6","name":"assessoriadefamosos","image":{"@type":"ImageObject","inLanguage":"pt-BR","@id":"https:\/\/modelbrazil.com.br\/#\/schema\/person\/image\/","url":"https:\/\/secure.gravatar.com\/avatar\/a7acbdffcfbbae7240e59f47fe511ec5f5d8c252c779f0b8d9ab02a9e1d8c5ed?s=96&d=mm&r=g","contentUrl":"https:\/\/secure.gravatar.com\/avatar\/a7acbdffcfbbae7240e59f47fe511ec5f5d8c252c779f0b8d9ab02a9e1d8c5ed?s=96&d=mm&r=g","caption":"assessoriadefamosos"},"url":"https:\/\/modelbrazil.com.br\/index.php\/author\/assessoriadefamosos\/"}]}},"_links":{"self":[{"href":"https:\/\/modelbrazil.com.br\/index.php\/wp-json\/wp\/v2\/posts\/7776","targetHints":{"allow":["GET"]}}],"collection":[{"href":"https:\/\/modelbrazil.com.br\/index.php\/wp-json\/wp\/v2\/posts"}],"about":[{"href":"https:\/\/modelbrazil.com.br\/index.php\/wp-json\/wp\/v2\/types\/post"}],"author":[{"embeddable":true,"href":"https:\/\/modelbrazil.com.br\/index.php\/wp-json\/wp\/v2\/users\/2"}],"replies":[{"embeddable":true,"href":"https:\/\/modelbrazil.com.br\/index.php\/wp-json\/wp\/v2\/comments?post=7776"}],"version-history":[{"count":1,"href":"https:\/\/modelbrazil.com.br\/index.php\/wp-json\/wp\/v2\/posts\/7776\/revisions"}],"predecessor-version":[{"id":7777,"href":"https:\/\/modelbrazil.com.br\/index.php\/wp-json\/wp\/v2\/posts\/7776\/revisions\/7777"}],"wp:featuredmedia":[{"embeddable":true,"href":"https:\/\/modelbrazil.com.br\/index.php\/wp-json\/wp\/v2\/media\/7775"}],"wp:attachment":[{"href":"https:\/\/modelbrazil.com.br\/index.php\/wp-json\/wp\/v2\/media?parent=7776"}],"wp:term":[{"taxonomy":"category","embeddable":true,"href":"https:\/\/modelbrazil.com.br\/index.php\/wp-json\/wp\/v2\/categories?post=7776"},{"taxonomy":"post_tag","embeddable":true,"href":"https:\/\/modelbrazil.com.br\/index.php\/wp-json\/wp\/v2\/tags?post=7776"}],"curies":[{"name":"wp","href":"https:\/\/api.w.org\/{rel}","templated":true}]}}