{"id":8043,"date":"2026-05-02T21:39:53","date_gmt":"2026-05-02T21:39:53","guid":{"rendered":"https:\/\/modelbrazil.com.br\/?p=8043"},"modified":"2026-05-02T21:39:53","modified_gmt":"2026-05-02T21:39:53","slug":"gkay-relembra-passado-com-fotos-antigas-e-web-reage-ao-visual","status":"publish","type":"post","link":"https:\/\/modelbrazil.com.br\/index.php\/2026\/05\/02\/gkay-relembra-passado-com-fotos-antigas-e-web-reage-ao-visual\/","title":{"rendered":"Gkay relembra passado com fotos antigas e web reage ao visual"},"content":{"rendered":"\n<p>A influenciadora Gkay movimentou as redes sociais ao publicar uma s\u00e9rie de fotos antigas em homenagem ao fot\u00f3grafo Igor Melo, seu amigo de longa data.<\/p>\n\n\n\n<p>Nos registros, feitos ao longo dos anos, a artista aparece com diferentes estilos e fases da vida, o que acabou chamando aten\u00e7\u00e3o dos seguidores para as mudan\u00e7as em seu visual.<\/p>\n\n\n\n<p>Sem detalhar datas ou interven\u00e7\u00f5es, Gkay despertou curiosidade e gerou coment\u00e1rios sobre o antes e depois compartilhado.<\/p>\n\n\n\n<p>A publica\u00e7\u00e3o rapidamente viralizou, reunindo rea\u00e7\u00f5es diversas e destacando a trajet\u00f3ria da influenciadora ao longo do tempo.<\/p>\n\n\n\n<p>Al\u00e9m da repercuss\u00e3o, o post tamb\u00e9m celebrou a amizade de mais de uma d\u00e9cada entre Gkay e o fot\u00f3grafo.<\/p>\n","protected":false},"excerpt":{"rendered":"<p>A influenciadora Gkay movimentou as redes sociais ao publicar uma s\u00e9rie de fotos antigas em homenagem ao fot\u00f3grafo Igor Melo, seu amigo de longa data. Nos registros, feitos ao longo dos anos, a artista aparece com diferentes estilos e fases da vida, o que acabou chamando aten\u00e7\u00e3o dos seguidores para as mudan\u00e7as em seu visual. \u2026<\/p>\n","protected":false},"author":2,"featured_media":8042,"comment_status":"closed","ping_status":"open","sticky":false,"template":"","format":"standard","meta":{"footnotes":""},"categories":[6],"tags":[],"class_list":["post-8043","post","type-post","status-publish","format-standard","has-post-thumbnail","hentry","category-famosos"],"yoast_head":"<!-- This site is optimized with the Yoast SEO plugin v25.3.1 - https:\/\/yoast.com\/wordpress\/plugins\/seo\/ -->\n<title>Gkay relembra passado com fotos antigas e web reage ao visual - Model Brazil<\/title>\n<meta name=\"robots\" content=\"index, follow, max-snippet:-1, max-image-preview:large, max-video-preview:-1\" \/>\n<link rel=\"canonical\" href=\"https:\/\/modelbrazil.com.br\/index.php\/2026\/05\/02\/gkay-relembra-passado-com-fotos-antigas-e-web-reage-ao-visual\/\" \/>\n<meta property=\"og:locale\" content=\"pt_BR\" \/>\n<meta property=\"og:type\" content=\"article\" \/>\n<meta property=\"og:title\" content=\"Gkay relembra passado com fotos antigas e web reage ao visual - Model Brazil\" \/>\n<meta property=\"og:description\" content=\"A influenciadora Gkay movimentou as redes sociais ao publicar uma s\u00e9rie de fotos antigas em homenagem ao fot\u00f3grafo Igor Melo, seu amigo de longa data. Nos registros, feitos ao longo dos anos, a artista aparece com diferentes estilos e fases da vida, o que acabou chamando aten\u00e7\u00e3o dos seguidores para as mudan\u00e7as em seu visual. \u2026\" \/>\n<meta property=\"og:url\" content=\"https:\/\/modelbrazil.com.br\/index.php\/2026\/05\/02\/gkay-relembra-passado-com-fotos-antigas-e-web-reage-ao-visual\/\" \/>\n<meta property=\"og:site_name\" content=\"Model Brazil\" \/>\n<meta property=\"article:published_time\" content=\"2026-05-02T21:39:53+00:00\" \/>\n<meta property=\"og:image\" content=\"https:\/\/modelbrazil.com.br\/wp-content\/uploads\/2026\/05\/gkay-antes-e-depois-de-procedimentos-esteticos-1777649249405_v2_900x506.jpg.webp\" \/>\n\t<meta property=\"og:image:width\" content=\"900\" \/>\n\t<meta property=\"og:image:height\" content=\"506\" \/>\n\t<meta property=\"og:image:type\" content=\"image\/webp\" \/>\n<meta name=\"author\" content=\"assessoriadefamosos\" \/>\n<meta name=\"twitter:card\" content=\"summary_large_image\" \/>\n<meta name=\"twitter:label1\" content=\"Escrito por\" \/>\n\t<meta name=\"twitter:data1\" content=\"assessoriadefamosos\" \/>\n\t<meta name=\"twitter:label2\" content=\"Est. tempo de leitura\" \/>\n\t<meta name=\"twitter:data2\" content=\"1 minuto\" \/>\n<script type=\"application\/ld+json\" class=\"yoast-schema-graph\">{\"@context\":\"https:\/\/schema.org\",\"@graph\":[{\"@type\":\"Article\",\"@id\":\"https:\/\/modelbrazil.com.br\/index.php\/2026\/05\/02\/gkay-relembra-passado-com-fotos-antigas-e-web-reage-ao-visual\/#article\",\"isPartOf\":{\"@id\":\"https:\/\/modelbrazil.com.br\/index.php\/2026\/05\/02\/gkay-relembra-passado-com-fotos-antigas-e-web-reage-ao-visual\/\"},\"author\":{\"name\":\"assessoriadefamosos\",\"@id\":\"https:\/\/modelbrazil.com.br\/#\/schema\/person\/871fd7d9e18a3653430103bf4378d5f6\"},\"headline\":\"Gkay relembra passado com fotos antigas e web reage ao visual\",\"datePublished\":\"2026-05-02T21:39:53+00:00\",\"mainEntityOfPage\":{\"@id\":\"https:\/\/modelbrazil.com.br\/index.php\/2026\/05\/02\/gkay-relembra-passado-com-fotos-antigas-e-web-reage-ao-visual\/\"},\"wordCount\":133,\"publisher\":{\"@id\":\"https:\/\/modelbrazil.com.br\/#organization\"},\"image\":{\"@id\":\"https:\/\/modelbrazil.com.br\/index.php\/2026\/05\/02\/gkay-relembra-passado-com-fotos-antigas-e-web-reage-ao-visual\/#primaryimage\"},\"thumbnailUrl\":\"https:\/\/modelbrazil.com.br\/wp-content\/uploads\/2026\/05\/gkay-antes-e-depois-de-procedimentos-esteticos-1777649249405_v2_900x506.jpg.webp\",\"articleSection\":[\"Famosos\"],\"inLanguage\":\"pt-BR\"},{\"@type\":\"WebPage\",\"@id\":\"https:\/\/modelbrazil.com.br\/index.php\/2026\/05\/02\/gkay-relembra-passado-com-fotos-antigas-e-web-reage-ao-visual\/\",\"url\":\"https:\/\/modelbrazil.com.br\/index.php\/2026\/05\/02\/gkay-relembra-passado-com-fotos-antigas-e-web-reage-ao-visual\/\",\"name\":\"Gkay relembra passado com fotos antigas e web reage ao visual - Model Brazil\",\"isPartOf\":{\"@id\":\"https:\/\/modelbrazil.com.br\/#website\"},\"primaryImageOfPage\":{\"@id\":\"https:\/\/modelbrazil.com.br\/index.php\/2026\/05\/02\/gkay-relembra-passado-com-fotos-antigas-e-web-reage-ao-visual\/#primaryimage\"},\"image\":{\"@id\":\"https:\/\/modelbrazil.com.br\/index.php\/2026\/05\/02\/gkay-relembra-passado-com-fotos-antigas-e-web-reage-ao-visual\/#primaryimage\"},\"thumbnailUrl\":\"https:\/\/modelbrazil.com.br\/wp-content\/uploads\/2026\/05\/gkay-antes-e-depois-de-procedimentos-esteticos-1777649249405_v2_900x506.jpg.webp\",\"datePublished\":\"2026-05-02T21:39:53+00:00\",\"breadcrumb\":{\"@id\":\"https:\/\/modelbrazil.com.br\/index.php\/2026\/05\/02\/gkay-relembra-passado-com-fotos-antigas-e-web-reage-ao-visual\/#breadcrumb\"},\"inLanguage\":\"pt-BR\",\"potentialAction\":[{\"@type\":\"ReadAction\",\"target\":[\"https:\/\/modelbrazil.com.br\/index.php\/2026\/05\/02\/gkay-relembra-passado-com-fotos-antigas-e-web-reage-ao-visual\/\"]}]},{\"@type\":\"ImageObject\",\"inLanguage\":\"pt-BR\",\"@id\":\"https:\/\/modelbrazil.com.br\/index.php\/2026\/05\/02\/gkay-relembra-passado-com-fotos-antigas-e-web-reage-ao-visual\/#primaryimage\",\"url\":\"https:\/\/modelbrazil.com.br\/wp-content\/uploads\/2026\/05\/gkay-antes-e-depois-de-procedimentos-esteticos-1777649249405_v2_900x506.jpg.webp\",\"contentUrl\":\"https:\/\/modelbrazil.com.br\/wp-content\/uploads\/2026\/05\/gkay-antes-e-depois-de-procedimentos-esteticos-1777649249405_v2_900x506.jpg.webp\",\"width\":900,\"height\":506},{\"@type\":\"BreadcrumbList\",\"@id\":\"https:\/\/modelbrazil.com.br\/index.php\/2026\/05\/02\/gkay-relembra-passado-com-fotos-antigas-e-web-reage-ao-visual\/#breadcrumb\",\"itemListElement\":[{\"@type\":\"ListItem\",\"position\":1,\"name\":\"In\u00edcio\",\"item\":\"https:\/\/modelbrazil.com.br\/\"},{\"@type\":\"ListItem\",\"position\":2,\"name\":\"Gkay relembra passado com fotos antigas e web reage ao visual\"}]},{\"@type\":\"WebSite\",\"@id\":\"https:\/\/modelbrazil.com.br\/#website\",\"url\":\"https:\/\/modelbrazil.com.br\/\",\"name\":\"Model Brazil\",\"description\":\"\",\"publisher\":{\"@id\":\"https:\/\/modelbrazil.com.br\/#organization\"},\"potentialAction\":[{\"@type\":\"SearchAction\",\"target\":{\"@type\":\"EntryPoint\",\"urlTemplate\":\"https:\/\/modelbrazil.com.br\/?s={search_term_string}\"},\"query-input\":{\"@type\":\"PropertyValueSpecification\",\"valueRequired\":true,\"valueName\":\"search_term_string\"}}],\"inLanguage\":\"pt-BR\"},{\"@type\":\"Organization\",\"@id\":\"https:\/\/modelbrazil.com.br\/#organization\",\"name\":\"Model Brazil\",\"url\":\"https:\/\/modelbrazil.com.br\/\",\"logo\":{\"@type\":\"ImageObject\",\"inLanguage\":\"pt-BR\",\"@id\":\"https:\/\/modelbrazil.com.br\/#\/schema\/logo\/image\/\",\"url\":\"https:\/\/modelbrazil.com.br\/wp-content\/uploads\/2025\/06\/cropped-aae972fb-e005-4003-b039-2676e1ba2afc.jpg\",\"contentUrl\":\"https:\/\/modelbrazil.com.br\/wp-content\/uploads\/2025\/06\/cropped-aae972fb-e005-4003-b039-2676e1ba2afc.jpg\",\"width\":1024,\"height\":655,\"caption\":\"Model Brazil\"},\"image\":{\"@id\":\"https:\/\/modelbrazil.com.br\/#\/schema\/logo\/image\/\"}},{\"@type\":\"Person\",\"@id\":\"https:\/\/modelbrazil.com.br\/#\/schema\/person\/871fd7d9e18a3653430103bf4378d5f6\",\"name\":\"assessoriadefamosos\",\"image\":{\"@type\":\"ImageObject\",\"inLanguage\":\"pt-BR\",\"@id\":\"https:\/\/modelbrazil.com.br\/#\/schema\/person\/image\/\",\"url\":\"https:\/\/secure.gravatar.com\/avatar\/a7acbdffcfbbae7240e59f47fe511ec5f5d8c252c779f0b8d9ab02a9e1d8c5ed?s=96&d=mm&r=g\",\"contentUrl\":\"https:\/\/secure.gravatar.com\/avatar\/a7acbdffcfbbae7240e59f47fe511ec5f5d8c252c779f0b8d9ab02a9e1d8c5ed?s=96&d=mm&r=g\",\"caption\":\"assessoriadefamosos\"},\"url\":\"https:\/\/modelbrazil.com.br\/index.php\/author\/assessoriadefamosos\/\"}]}<\/script>\n<!-- \/ Yoast SEO plugin. -->","yoast_head_json":{"title":"Gkay relembra passado com fotos antigas e web reage ao visual - Model Brazil","robots":{"index":"index","follow":"follow","max-snippet":"max-snippet:-1","max-image-preview":"max-image-preview:large","max-video-preview":"max-video-preview:-1"},"canonical":"https:\/\/modelbrazil.com.br\/index.php\/2026\/05\/02\/gkay-relembra-passado-com-fotos-antigas-e-web-reage-ao-visual\/","og_locale":"pt_BR","og_type":"article","og_title":"Gkay relembra passado com fotos antigas e web reage ao visual - Model Brazil","og_description":"A influenciadora Gkay movimentou as redes sociais ao publicar uma s\u00e9rie de fotos antigas em homenagem ao fot\u00f3grafo Igor Melo, seu amigo de longa data. Nos registros, feitos ao longo dos anos, a artista aparece com diferentes estilos e fases da vida, o que acabou chamando aten\u00e7\u00e3o dos seguidores para as mudan\u00e7as em seu visual. \u2026","og_url":"https:\/\/modelbrazil.com.br\/index.php\/2026\/05\/02\/gkay-relembra-passado-com-fotos-antigas-e-web-reage-ao-visual\/","og_site_name":"Model Brazil","article_published_time":"2026-05-02T21:39:53+00:00","og_image":[{"width":900,"height":506,"url":"https:\/\/modelbrazil.com.br\/wp-content\/uploads\/2026\/05\/gkay-antes-e-depois-de-procedimentos-esteticos-1777649249405_v2_900x506.jpg.webp","type":"image\/webp"}],"author":"assessoriadefamosos","twitter_card":"summary_large_image","twitter_misc":{"Escrito por":"assessoriadefamosos","Est. tempo de leitura":"1 minuto"},"schema":{"@context":"https:\/\/schema.org","@graph":[{"@type":"Article","@id":"https:\/\/modelbrazil.com.br\/index.php\/2026\/05\/02\/gkay-relembra-passado-com-fotos-antigas-e-web-reage-ao-visual\/#article","isPartOf":{"@id":"https:\/\/modelbrazil.com.br\/index.php\/2026\/05\/02\/gkay-relembra-passado-com-fotos-antigas-e-web-reage-ao-visual\/"},"author":{"name":"assessoriadefamosos","@id":"https:\/\/modelbrazil.com.br\/#\/schema\/person\/871fd7d9e18a3653430103bf4378d5f6"},"headline":"Gkay relembra passado com fotos antigas e web reage ao visual","datePublished":"2026-05-02T21:39:53+00:00","mainEntityOfPage":{"@id":"https:\/\/modelbrazil.com.br\/index.php\/2026\/05\/02\/gkay-relembra-passado-com-fotos-antigas-e-web-reage-ao-visual\/"},"wordCount":133,"publisher":{"@id":"https:\/\/modelbrazil.com.br\/#organization"},"image":{"@id":"https:\/\/modelbrazil.com.br\/index.php\/2026\/05\/02\/gkay-relembra-passado-com-fotos-antigas-e-web-reage-ao-visual\/#primaryimage"},"thumbnailUrl":"https:\/\/modelbrazil.com.br\/wp-content\/uploads\/2026\/05\/gkay-antes-e-depois-de-procedimentos-esteticos-1777649249405_v2_900x506.jpg.webp","articleSection":["Famosos"],"inLanguage":"pt-BR"},{"@type":"WebPage","@id":"https:\/\/modelbrazil.com.br\/index.php\/2026\/05\/02\/gkay-relembra-passado-com-fotos-antigas-e-web-reage-ao-visual\/","url":"https:\/\/modelbrazil.com.br\/index.php\/2026\/05\/02\/gkay-relembra-passado-com-fotos-antigas-e-web-reage-ao-visual\/","name":"Gkay relembra passado com fotos antigas e web reage ao visual - Model Brazil","isPartOf":{"@id":"https:\/\/modelbrazil.com.br\/#website"},"primaryImageOfPage":{"@id":"https:\/\/modelbrazil.com.br\/index.php\/2026\/05\/02\/gkay-relembra-passado-com-fotos-antigas-e-web-reage-ao-visual\/#primaryimage"},"image":{"@id":"https:\/\/modelbrazil.com.br\/index.php\/2026\/05\/02\/gkay-relembra-passado-com-fotos-antigas-e-web-reage-ao-visual\/#primaryimage"},"thumbnailUrl":"https:\/\/modelbrazil.com.br\/wp-content\/uploads\/2026\/05\/gkay-antes-e-depois-de-procedimentos-esteticos-1777649249405_v2_900x506.jpg.webp","datePublished":"2026-05-02T21:39:53+00:00","breadcrumb":{"@id":"https:\/\/modelbrazil.com.br\/index.php\/2026\/05\/02\/gkay-relembra-passado-com-fotos-antigas-e-web-reage-ao-visual\/#breadcrumb"},"inLanguage":"pt-BR","potentialAction":[{"@type":"ReadAction","target":["https:\/\/modelbrazil.com.br\/index.php\/2026\/05\/02\/gkay-relembra-passado-com-fotos-antigas-e-web-reage-ao-visual\/"]}]},{"@type":"ImageObject","inLanguage":"pt-BR","@id":"https:\/\/modelbrazil.com.br\/index.php\/2026\/05\/02\/gkay-relembra-passado-com-fotos-antigas-e-web-reage-ao-visual\/#primaryimage","url":"https:\/\/modelbrazil.com.br\/wp-content\/uploads\/2026\/05\/gkay-antes-e-depois-de-procedimentos-esteticos-1777649249405_v2_900x506.jpg.webp","contentUrl":"https:\/\/modelbrazil.com.br\/wp-content\/uploads\/2026\/05\/gkay-antes-e-depois-de-procedimentos-esteticos-1777649249405_v2_900x506.jpg.webp","width":900,"height":506},{"@type":"BreadcrumbList","@id":"https:\/\/modelbrazil.com.br\/index.php\/2026\/05\/02\/gkay-relembra-passado-com-fotos-antigas-e-web-reage-ao-visual\/#breadcrumb","itemListElement":[{"@type":"ListItem","position":1,"name":"In\u00edcio","item":"https:\/\/modelbrazil.com.br\/"},{"@type":"ListItem","position":2,"name":"Gkay relembra passado com fotos antigas e web reage ao visual"}]},{"@type":"WebSite","@id":"https:\/\/modelbrazil.com.br\/#website","url":"https:\/\/modelbrazil.com.br\/","name":"Model Brazil","description":"","publisher":{"@id":"https:\/\/modelbrazil.com.br\/#organization"},"potentialAction":[{"@type":"SearchAction","target":{"@type":"EntryPoint","urlTemplate":"https:\/\/modelbrazil.com.br\/?s={search_term_string}"},"query-input":{"@type":"PropertyValueSpecification","valueRequired":true,"valueName":"search_term_string"}}],"inLanguage":"pt-BR"},{"@type":"Organization","@id":"https:\/\/modelbrazil.com.br\/#organization","name":"Model Brazil","url":"https:\/\/modelbrazil.com.br\/","logo":{"@type":"ImageObject","inLanguage":"pt-BR","@id":"https:\/\/modelbrazil.com.br\/#\/schema\/logo\/image\/","url":"https:\/\/modelbrazil.com.br\/wp-content\/uploads\/2025\/06\/cropped-aae972fb-e005-4003-b039-2676e1ba2afc.jpg","contentUrl":"https:\/\/modelbrazil.com.br\/wp-content\/uploads\/2025\/06\/cropped-aae972fb-e005-4003-b039-2676e1ba2afc.jpg","width":1024,"height":655,"caption":"Model Brazil"},"image":{"@id":"https:\/\/modelbrazil.com.br\/#\/schema\/logo\/image\/"}},{"@type":"Person","@id":"https:\/\/modelbrazil.com.br\/#\/schema\/person\/871fd7d9e18a3653430103bf4378d5f6","name":"assessoriadefamosos","image":{"@type":"ImageObject","inLanguage":"pt-BR","@id":"https:\/\/modelbrazil.com.br\/#\/schema\/person\/image\/","url":"https:\/\/secure.gravatar.com\/avatar\/a7acbdffcfbbae7240e59f47fe511ec5f5d8c252c779f0b8d9ab02a9e1d8c5ed?s=96&d=mm&r=g","contentUrl":"https:\/\/secure.gravatar.com\/avatar\/a7acbdffcfbbae7240e59f47fe511ec5f5d8c252c779f0b8d9ab02a9e1d8c5ed?s=96&d=mm&r=g","caption":"assessoriadefamosos"},"url":"https:\/\/modelbrazil.com.br\/index.php\/author\/assessoriadefamosos\/"}]}},"_links":{"self":[{"href":"https:\/\/modelbrazil.com.br\/index.php\/wp-json\/wp\/v2\/posts\/8043","targetHints":{"allow":["GET"]}}],"collection":[{"href":"https:\/\/modelbrazil.com.br\/index.php\/wp-json\/wp\/v2\/posts"}],"about":[{"href":"https:\/\/modelbrazil.com.br\/index.php\/wp-json\/wp\/v2\/types\/post"}],"author":[{"embeddable":true,"href":"https:\/\/modelbrazil.com.br\/index.php\/wp-json\/wp\/v2\/users\/2"}],"replies":[{"embeddable":true,"href":"https:\/\/modelbrazil.com.br\/index.php\/wp-json\/wp\/v2\/comments?post=8043"}],"version-history":[{"count":1,"href":"https:\/\/modelbrazil.com.br\/index.php\/wp-json\/wp\/v2\/posts\/8043\/revisions"}],"predecessor-version":[{"id":8044,"href":"https:\/\/modelbrazil.com.br\/index.php\/wp-json\/wp\/v2\/posts\/8043\/revisions\/8044"}],"wp:featuredmedia":[{"embeddable":true,"href":"https:\/\/modelbrazil.com.br\/index.php\/wp-json\/wp\/v2\/media\/8042"}],"wp:attachment":[{"href":"https:\/\/modelbrazil.com.br\/index.php\/wp-json\/wp\/v2\/media?parent=8043"}],"wp:term":[{"taxonomy":"category","embeddable":true,"href":"https:\/\/modelbrazil.com.br\/index.php\/wp-json\/wp\/v2\/categories?post=8043"},{"taxonomy":"post_tag","embeddable":true,"href":"https:\/\/modelbrazil.com.br\/index.php\/wp-json\/wp\/v2\/tags?post=8043"}],"curies":[{"name":"wp","href":"https:\/\/api.w.org\/{rel}","templated":true}]}}